{"id":9289,"date":"2018-08-08T16:26:31","date_gmt":"2018-08-08T16:26:31","guid":{"rendered":"http:\/\/www.paulcuvelier.org\/?p=9289"},"modified":"2023-03-27T19:20:31","modified_gmt":"2023-03-27T17:20:31","slug":"le-x-aout-2018","status":"publish","type":"post","link":"https:\/\/paulcuvelier.be\/?p=9289","title":{"rendered":"LE 15 AOUT 2018"},"content":{"rendered":"<div id=\"pl-9289\" class=\"panel-layout\">\n<div id=\"pg-9289-0\" class=\"panel-grid panel-no-style\" data-style=\"{&quot;background_display&quot;:&quot;tile&quot;}\">\n<div id=\"pgc-9289-0-0\" class=\"panel-grid-cell\" data-weight=\"0.47\">\n<div id=\"panel-9289-0-0-0\" class=\"so-panel widget widget_black-studio-tinymce widget_black_studio_tinymce panel-first-child panel-last-child\" data-index=\"0\" data-style=\"{&quot;background_display&quot;:&quot;tile&quot;}\">\n<div class=\"textwidget\">\n<p><a href=\"http:\/\/www.paulcuvelier.be\/wp-content\/uploads\/2018\/08\/ta-l01.jpg\"><img loading=\"lazy\" decoding=\"async\" class=\"aligncenter  wp-image-9320\" src=\"http:\/\/www.paulcuvelier.be\/wp-content\/uploads\/2018\/08\/ta-l01.jpg\" alt=\"\" width=\"476\" height=\"470\" \/><\/a><\/p>\n<\/div>\n<\/div>\n<\/div>\n<div id=\"pgc-9289-0-1\" class=\"panel-grid-cell panel-grid-cell-mobile-last\" data-weight=\"0.47\">\n<div id=\"panel-9289-0-1-0\" class=\"so-panel widget widget_black-studio-tinymce widget_black_studio_tinymce panel-first-child\" data-index=\"1\" data-style=\"{&quot;background_image_attachment&quot;:false,&quot;background_display&quot;:&quot;tile&quot;}\">\n<div class=\"textwidget\"><a href=\"http:\/\/www.paulcuvelier.be\/wp-content\/uploads\/2018\/08\/ta-da-1.jpg\"><img loading=\"lazy\" decoding=\"async\" class=\"aligncenter size-full wp-image-9486\" src=\"http:\/\/www.paulcuvelier.be\/wp-content\/uploads\/2018\/08\/ta-da-1.jpg\" alt=\"\" width=\"152\" height=\"33\" \/><\/a><\/p>\n<\/div>\n<\/div>\n<div id=\"panel-9289-0-1-1\" class=\"so-panel widget widget_black-studio-tinymce widget_black_studio_tinymce\" data-index=\"2\" data-style=\"{&quot;background_display&quot;:&quot;tile&quot;}\">\n<div class=\"textwidget\">\n<p style=\"text-align: center;\"><strong>Lettre d\u2019Alice Labrique, la marraine de Paul, \u00e0 Fran\u00e7oise (Frances) Bannett, une amie am\u00e9ricaine de Paul, envoy\u00e9e deux mois et demi apr\u00e8s le d\u00e9c\u00e8s de l\u2019artiste.<\/strong><\/p>\n<\/div>\n<\/div>\n<div id=\"panel-9289-0-1-2\" class=\"so-panel widget widget_black-studio-tinymce widget_black_studio_tinymce\" data-index=\"3\" data-style=\"{&quot;background_display&quot;:&quot;tile&quot;}\">\n<div class=\"textwidget\">\n<h1 style=\"text-align: center;\"><span style=\"font-size: 24pt;\"><strong><span style=\"color: #ff0000;\">TANTE ALICE<\/span><\/strong><\/span><\/h1>\n<\/div>\n<\/div>\n<div id=\"panel-9289-0-1-3\" class=\"so-panel widget widget_black-studio-tinymce widget_black_studio_tinymce panel-last-child\" data-index=\"4\" data-style=\"{&quot;background_display&quot;:&quot;tile&quot;}\">\n<div class=\"textwidget\">\n<p style=\"text-align: left;\">Home Saint-Joseph<br \/>\nTemploux<\/p>\n<p style=\"text-align: right;\">Lundi, 25 septembre 1978<\/p>\n<p style=\"text-align: justify;\">Bien ch\u00e8re Fran\u00e7oise,<\/p>\n<p style=\"text-align: justify;\">La semaine commence, et mon premier \u00e9crit vous est destin\u00e9 en esp\u00e9rant pouvoir le mener \u00e0 bonne fin malgr\u00e9 le stylo auquel j\u2019ai grand mal \u00e0 me faire. Patience. Aucune occasion ne se pr\u00e9sente d\u2019aller \u00e0 Namur me pourvoir du \u00ab Bic Parker \u00bb que je voudrais choisir car j\u2019ai tant \u00e0 \u00e9crire. Tout d\u2019abord recopier mes \u00ab m\u00e9moires \u00bb, puis des correspondants auxquels il faut r\u00e9pondre, ou d\u2019autres \u00e0 \u00ab remonter \u00bb parce que d\u00e9prim\u00e9s, etc.<\/p>\n<p style=\"text-align: justify;\">Mais aujourd\u2019hui je veux me plonger dans mes souvenirs de Paul, au hasard de mes pens\u00e9es car jamais je ne fais de brouillons, pr\u00e9f\u00e9rant la spontan\u00e9it\u00e9 de l\u2019\u00e9crit. Si j\u2019avais le temps, un r\u00e9cit des plus int\u00e9ressants serait celui de \u00ab la famille Cuvelier-Labrique \u00bb. Que de faits \u00e0 narrer ! Mais aujourd\u2019hui je me tiens \u00e0 ce qui se rapporte \u00e0 ce cher Paul trop t\u00f4t parti.<\/p>\n<\/div>\n<\/div>\n<\/div>\n<div id=\"pgc-9289-0-2\" class=\"panel-grid-cell panel-grid-cell-empty\" data-weight=\"0.06\"><\/div>\n<\/div>\n<div id=\"pg-9289-1\" class=\"panel-grid panel-no-style\" data-style=\"{&quot;background_display&quot;:&quot;tile&quot;}\">\n<div id=\"pgc-9289-1-0\" class=\"panel-grid-cell\" data-weight=\"0.47\">\n<div id=\"panel-9289-1-0-0\" class=\"so-panel widget widget_black-studio-tinymce widget_black_studio_tinymce panel-first-child panel-last-child\" data-index=\"5\" data-style=\"{&quot;background_display&quot;:&quot;tile&quot;}\">\n<div class=\"textwidget\">\n<div id=\"attachment_9385\" class=\"wp-caption aligncenter\" style=\"width: 1505px;\"><a href=\"http:\/\/www.paulcuvelier.be\/wp-content\/uploads\/2018\/08\/ta-lou.jpg\"><img loading=\"lazy\" decoding=\"async\" class=\"wp-image-9385 size-full\" src=\"http:\/\/www.paulcuvelier.be\/wp-content\/uploads\/2018\/08\/ta-lou.jpg\" alt=\"\" width=\"1495\" height=\"1686\" \/><\/a><\/p>\n<p class=\"wp-caption-text\"><span style=\"font-size: 10pt;\">Louise, la maman de Paul et s\u0153ur d&#8217;Alice.<\/span><\/p>\n<\/div>\n<\/div>\n<\/div>\n<\/div>\n<div id=\"pgc-9289-1-1\" class=\"panel-grid-cell panel-grid-cell-mobile-last\" data-weight=\"0.47\">\n<div id=\"panel-9289-1-1-0\" class=\"so-panel widget widget_black-studio-tinymce widget_black_studio_tinymce panel-first-child panel-last-child\" data-index=\"6\" data-style=\"{&quot;background_display&quot;:&quot;tile&quot;}\">\n<div class=\"textwidget\">\n<p style=\"text-align: justify;\">J\u2019ai revu ma s\u0153ur (m\u00e8re de Paul) il y a quinze jours, men\u00e9e \u00e0 Ath par un de mes neveux qui y a fait construire une belle maison. Lors donc j\u2019ai pu poser \u00e0 \u00ab Louise \u00bb (ma s\u0153ur) des questions au sujet des derniers moments de Paul. En la nuit du 4 au 5 juillet, Paul, h\u00e9berg\u00e9 chez son fr\u00e8re Jean, demanda vers deux heures de la nuit qu\u2019on enl\u00e8ve draps et couvertures et qu\u2019on lui tende les jambes bien droites. Il croisa les mains et dit \u00ab J\u2019\u00e9touffe, ouvre la fen\u00eatre \u00bb. Le firmament bleu ciel \u00e9tait clair malgr\u00e9 l\u2019absence de l\u2019astre de la nuit. Est-ce cette vue qui a motiv\u00e9 les derniers mots de Paul, per\u00e7us par son fr\u00e8re pench\u00e9 pour les \u00e9pier : \u00ab Que la mer est belle ! &#8230; \u00bb Et tout \u00e9tait fini, Paul s\u2019en \u00e9tait all\u00e9. Ses traits calmes et repos\u00e9s lui donnaient l\u2019apparence de n\u2019avoir qu\u2019\u00e0 peine trente ans !<\/p>\n<p style=\"text-align: justify;\">(\u00c0 noter que seule la premi\u00e8re des phrases qui suivent est extraite d\u2019une autre lettre d\u2019Alice Labrique \u00e0 Fran\u00e7oise Bannett)<\/p>\n<p style=\"text-align: justify;\">Quand il avait dix-huit mois et que je le mettais au lit, il soulevait l\u2019oreiller pour prendre par-dessous son cahier et un crayon, et ne s\u2019endormait qu\u2019en serrant ce tr\u00e9sor dans ses bras. Quand Paul \u00e9tait petit \u2014 trois, quatre ans \u2014 \u00e0 l\u2019\u00e9cole maternelle, l\u2019institutrice l\u2019envoyait toujours au tableau avec une craie afin qu\u2019il y fasse des dessins \u00e0 longueur de journ\u00e9e. Dommage qu\u2019on n\u2019ait pu les photographier plut\u00f4t que d\u2019effacer ces \u00e9bauches d\u2019un r\u00e9el talent.<\/p>\n<\/div>\n<\/div>\n<\/div>\n<div id=\"pgc-9289-1-2\" class=\"panel-grid-cell panel-grid-cell-empty\" data-weight=\"0.06\"><\/div>\n<\/div>\n<div id=\"pg-9289-2\" class=\"panel-grid panel-no-style\" data-style=\"{&quot;background_display&quot;:&quot;tile&quot;,&quot;cell_alignment&quot;:&quot;flex-start&quot;}\">\n<div id=\"pgc-9289-2-0\" class=\"panel-grid-cell\" data-weight=\"0.47\">\n<div id=\"panel-9289-2-0-0\" class=\"so-panel widget widget_black-studio-tinymce widget_black_studio_tinymce panel-first-child panel-last-child\" data-index=\"7\" data-style=\"{&quot;background_display&quot;:&quot;tile&quot;}\">\n<div class=\"textwidget\">\n<div id=\"attachment_9343\" class=\"wp-caption aligncenter\" style=\"width: 1010px;\"><a href=\"http:\/\/www.paulcuvelier.be\/wp-content\/uploads\/2018\/08\/ta-l1.jpg\"><img loading=\"lazy\" decoding=\"async\" class=\"wp-image-9343 size-large\" src=\"http:\/\/www.paulcuvelier.be\/wp-content\/uploads\/2018\/08\/ta-l1-2048x1489.jpg\" alt=\"\" width=\"1000\" height=\"727\" \/><\/a><\/p>\n<p class=\"wp-caption-text\"><span style=\"font-size: 10pt;\">Caricature de tante Alice, accompagn\u00e9 d&#8217;un texte de Paul qui se moque des petites mesquineries qu&#8217;entretenaient souvent les deux s\u0153urs entre elles<\/span><\/p>\n<\/div>\n<\/div>\n<\/div>\n<\/div>\n<div id=\"pgc-9289-2-1\" class=\"panel-grid-cell panel-grid-cell-mobile-last\" data-weight=\"0.47\">\n<div id=\"panel-9289-2-1-0\" class=\"so-panel widget widget_black-studio-tinymce widget_black_studio_tinymce panel-first-child panel-last-child\" data-index=\"8\" data-style=\"{&quot;background_display&quot;:&quot;tile&quot;}\">\n<div class=\"textwidget\">\n<p style=\"text-align: justify;\">Une ann\u00e9e, ma s\u0153ur eut l\u2019id\u00e9e d\u2019aller \u00e0 la mer avec sa bande de mioches, dont Paul qui avait neuf dix ans je crois. Pour ce faire, elle avait lou\u00e9 un appartement au troisi\u00e8me \u00e9tage donnant sur la mer. Pas d\u2019ascenseur, mais l\u2019ing\u00e9nieuse Louise avait imagin\u00e9 un syst\u00e8me de drapeaux qu\u2019elle mettait \u00e0 la fen\u00eatre. Par exemple blanc : il faut aller faire des emplettes pour le d\u00eener ; rouge : le d\u00eener est pr\u00eat ; bleu : il est temps de rentrer ; etc. Les enfants jouaient dans le sable \u00e0 construire des forts, etc., mais Paul ne jouait jamais ; il ne quittait pas un peintre qui peignait une marine. Surpris de l\u2019assiduit\u00e9 de l\u2019enfant, le peintre lui dit : \u00ab Saurais-tu faire ce que je fais ? \u00bb \u00ab Oui \u00bb r\u00e9pond Paul sans h\u00e9siter. Alors le peintre met une toile blanche sur son chevalet, y trace une ligne horizontale et dit \u00e0 Paul : \u00ab Fais un cheval qui saute ! \u00bb, ce qui fut r\u00e9alis\u00e9 magnifiquement. Surpris, l\u2019artiste voulut conna\u00eetre le nom de cet enfant prodige, et, apprenant qu\u2019il \u00e9tait au coll\u00e8ge d\u2019Enghien, il alla trouver ses professeurs et leur dit : \u00ab Quand Paul voudra dessiner, laissez-le sortir dans la campagne \u00bb. Puis, aux frais du p\u00e8re de Paul, l\u2019artiste fit faire une palette de peintre pour la main droite, Paul \u00e9tant gaucher. Quand Paul \u00e9tait au coll\u00e8ge, les professeurs s\u2019emparaient de tous ses dessins pour se les partager, tant ils \u00e9taient parfaits.<\/p>\n<\/div>\n<\/div>\n<\/div>\n<div id=\"pgc-9289-2-2\" class=\"panel-grid-cell panel-grid-cell-empty\" data-weight=\"0.06\"><\/div>\n<\/div>\n<div id=\"pg-9289-3\" class=\"panel-grid panel-no-style\" data-style=\"{&quot;background_display&quot;:&quot;tile&quot;}\">\n<div id=\"pgc-9289-3-0\" class=\"panel-grid-cell\" data-weight=\"0.47\">\n<div id=\"panel-9289-3-0-0\" class=\"so-panel widget widget_black-studio-tinymce widget_black_studio_tinymce panel-first-child\" data-index=\"9\" data-style=\"{&quot;background_image_attachment&quot;:false,&quot;background_display&quot;:&quot;tile&quot;}\">\n<div class=\"textwidget\">\n<div id=\"attachment_9490\" class=\"wp-caption aligncenter\" style=\"width: 1317px;\"><a href=\"http:\/\/www.paulcuvelier.be\/wp-content\/uploads\/2018\/08\/Ta-pendule.jpg\"><img loading=\"lazy\" decoding=\"async\" class=\"wp-image-9490 size-full\" src=\"http:\/\/www.paulcuvelier.be\/wp-content\/uploads\/2018\/08\/Ta-pendule.jpg\" alt=\"\" width=\"1307\" height=\"876\" \/><\/a><\/p>\n<p class=\"wp-caption-text\"><span style=\"font-size: 10pt;\">Tante Alice au pendule entour\u00e9e de Philippe et Nathalie, ses petits neveux et ni\u00e8ces.<\/span><\/p>\n<\/div>\n<\/div>\n<\/div>\n<div id=\"panel-9289-3-0-1\" class=\"so-panel widget widget_black-studio-tinymce widget_black_studio_tinymce panel-last-child\" data-index=\"10\" data-style=\"{&quot;background_image_attachment&quot;:false,&quot;background_display&quot;:&quot;tile&quot;}\">\n<div class=\"textwidget\">\n<div id=\"attachment_9392\" class=\"wp-caption aligncenter\" style=\"width: 1010px;\"><a href=\"http:\/\/www.paulcuvelier.be\/wp-content\/uploads\/2018\/08\/ta-pa.jpg\"><img loading=\"lazy\" decoding=\"async\" class=\"wp-image-9392 size-large\" src=\"http:\/\/www.paulcuvelier.be\/wp-content\/uploads\/2018\/08\/ta-pa-1420x2048.jpg\" alt=\"\" width=\"1000\" height=\"1442\" \/><\/a><\/p>\n<p class=\"wp-caption-text\"><span style=\"font-size: 10pt;\">Autocaricature de Paul<\/span><\/p>\n<\/div>\n<p><a href=\"http:\/\/www.paulcuvelier.be\/wp-content\/uploads\/2018\/08\/ta-l3.jpg\">\u00a0<\/a><\/p>\n<\/div>\n<\/div>\n<\/div>\n<div id=\"pgc-9289-3-1\" class=\"panel-grid-cell panel-grid-cell-mobile-last\" data-weight=\"0.47\">\n<div id=\"panel-9289-3-1-0\" class=\"so-panel widget widget_black-studio-tinymce widget_black_studio_tinymce panel-first-child panel-last-child\" data-index=\"11\" data-style=\"{&quot;background_display&quot;:&quot;tile&quot;}\">\n<div class=\"textwidget\">\n<p style=\"text-align: justify;\">(\u2026) Paul avait seize ans, et la TSF enjoignait aux jeunes gens de partir pour la France afin de ne pas \u00eatre pris par les Allemands. Ces derniers \u00e9taient \u00e0 nos portes. Charles Cuvelier, le p\u00e8re de Paul, r\u00e9solut d\u2019aller mettre les siens \u00e0 l\u2019abri (\u2026). Je ne conterai pas ici tous les heurs et malheurs de l\u2019exp\u00e9dition familiale. (\u2026) Mon beau-fr\u00e8re, m\u00e9decin, ayant d\u00e9cid\u00e9 de mener ma s\u0153ur et les trois plus jeunes \u00e0 Toulouse (\u2026) o\u00f9 il connaissait un m\u00e9decin d\u00e9j\u00e0 venu \u00e0 Lens s\u00e9journer chez lui, (\u2026) il croyait pouvoir confier sa famille \u00e0 cet ami fran\u00e7ais.<\/p>\n<p style=\"text-align: justify;\">Je passe outre : il faudrait des pages pour narrer les p\u00e9rip\u00e9ties de ce voyage. Je reviens aux trois a\u00een\u00e9s partis \u00e0 v\u00e9lo en esp\u00e9rant rejoindre la famille \u00e0 Toulouse ! Apr\u00e8s quelques heures de route, voil\u00e0 que le pneu arri\u00e8re du v\u00e9lo de Paul \u00e9clate. Pas moyen de r\u00e9parer. Rien en vue. Les deux a\u00een\u00e9s continuent leur route sans attendre Paul en panne, et sans argent ni nourriture sans doute. Il est pris dans une bande de jeunes fuyant les Boches, et des agents fran\u00e7ais les m\u00e8nent dans un camp. Je ne sais combien de temps Paul y a \u00e9t\u00e9 tenu, mais apprenant sa panne et ne le voyant pas arriver avec les deux a\u00een\u00e9s, ma s\u0153ur a alert\u00e9 la Croix-Rouge, laquelle a fini par d\u00e9couvrir Paul, et elle a r\u00e9ussi \u00e0 le faire rel\u00e2cher pour lui permettre de rejoindre les siens. Pendant qu\u2019il \u00e9tait \u00ab prisonnier \u00bb au camp, Paul n\u2019ayant rien \u00e0 faire, et tenaill\u00e9 par le d\u00e9sir de dessiner, cherchait tous les petits cailloux crayeux qu\u2019il pouvait d\u00e9couvrir et s\u2019en servait pour dessiner sur les semelles de ses souliers ! Puis il effa\u00e7ait le dessin pour en faire un autre.<\/p>\n<p style=\"text-align: justify;\">Apr\u00e8s quatre mois d\u2019\u00e9vacuation la famille a pu revenir \u00e0 Lens. Paul ayant pris une grande toile (ou un carton ?), a dessin\u00e9 en fin de guerre une chose vraiment humoristique repr\u00e9sentant une carte g\u00e9ographique de la Belgique et de la France. Sur chaque pays, la trace d\u2019une immense semelle allemande, et en l\u2019air un Allemand (soldat) envoy\u00e9 \u00ab promener \u00bb par un G.I. hilare qui, d\u2019un coup de pied au bon endroit de l\u2019occupant, d\u00e9gageait les pays qu\u2019il croyait occuper pour toujours. Ma s\u0153ur avait affich\u00e9 ce tableau dehors pour f\u00eater l\u2019arriv\u00e9e des Am\u00e9ricains, qui s\u2019en amusaient beaucoup. Des officiers ou des soldats ont voulu le poss\u00e9der, et ma s\u0153ur le leur a donn\u00e9. C\u2019est dommage, c\u2019\u00e9tait vraiment un beau souvenir.<\/p>\n<p style=\"text-align: justify;\">Avant la fin de la guerre, Paul, qui avait fini ses humanit\u00e9s, a pris une inscription \u00e0 l\u2019Acad\u00e9mie de dessin de Mons. \u00c0 son arriv\u00e9e, et pour tester ses connaissances, le directeur l\u2019a mis devant une grande toile de deux m\u00e8tres cinquante sur trois m\u00e8tres cinquante qui devait servir de fond \u00e0 un th\u00e9\u00e2tre. Il a dit \u00e0 Paul : \u00ab Dessinez-y une porte \u00bb. Et Paul de dessiner une porte qui masquait \u00e0 merveille le \u00ab Combat des Amazones \u00bb ! Le directeur le reprend et met une autre toile, en disant : \u00ab La porte doit \u00eatre mise en \u00e9vidence ! \u00bb Alors, Paul dessine une porte entrouverte par laquelle voulaient passer toutes les mis\u00e8res humaines : l\u00e8pre, tuberculose, pauvret\u00e9, etc. Le directeur \u00e9merveill\u00e9 lui a dit : \u00ab Je n\u2019ai rien \u00e0 vous apprendre ! \u00bb<\/p>\n<\/div>\n<\/div>\n<\/div>\n<div id=\"pgc-9289-3-2\" class=\"panel-grid-cell panel-grid-cell-empty\" data-weight=\"0.06\"><\/div>\n<\/div>\n<div id=\"pg-9289-4\" class=\"panel-grid panel-no-style\" data-style=\"{&quot;background_display&quot;:&quot;tile&quot;}\">\n<div id=\"pgc-9289-4-0\" class=\"panel-grid-cell\" data-weight=\"0.47\">\n<div id=\"panel-9289-4-0-0\" class=\"so-panel widget widget_black-studio-tinymce widget_black_studio_tinymce panel-first-child\" data-index=\"12\" data-style=\"{&quot;background_image_attachment&quot;:false,&quot;background_display&quot;:&quot;tile&quot;}\">\n<div class=\"textwidget\"><\/div>\n<\/div>\n<div id=\"panel-9289-4-0-1\" class=\"so-panel widget widget_black-studio-tinymce widget_black_studio_tinymce panel-last-child\" data-index=\"13\" data-style=\"{&quot;background_image_attachment&quot;:false,&quot;background_display&quot;:&quot;tile&quot;}\">\n<div class=\"textwidget\">\n<div id=\"attachment_9423\" class=\"wp-caption aligncenter\" style=\"width: 574px;\"><a href=\"http:\/\/www.paulcuvelier.be\/wp-content\/uploads\/2018\/08\/ta-fb.jpg\"><img loading=\"lazy\" decoding=\"async\" class=\"wp-image-9423 \" src=\"http:\/\/www.paulcuvelier.be\/wp-content\/uploads\/2018\/08\/ta-fb-2048x1812.jpg\" alt=\"\" width=\"574\" height=\"508\" \/><\/a><\/p>\n<p class=\"wp-caption-text\"><span style=\"font-size: 10pt;\">Fran\u00e7oise Bannett<\/span><\/p>\n<\/div>\n<p><a href=\"http:\/\/www.paulcuvelier.be\/wp-content\/uploads\/2018\/08\/ta-l3.jpg\">\u00a0<\/a><\/p>\n<\/div>\n<\/div>\n<\/div>\n<div id=\"pgc-9289-4-1\" class=\"panel-grid-cell panel-grid-cell-mobile-last\" data-weight=\"0.47\">\n<div id=\"panel-9289-4-1-0\" class=\"so-panel widget widget_black-studio-tinymce widget_black_studio_tinymce panel-first-child panel-last-child\" data-index=\"14\" data-style=\"{&quot;background_display&quot;:&quot;tile&quot;}\">\n<div class=\"textwidget\">\n<p style=\"text-align: justify;\">(\u2026) Je viens de recevoir des coupures de journaux vantant le labeur de Paul. Par exemple, dans \u00ab Le Soir \u00bb du 13 septembre : \u00ab On a rarement l\u2019occasion de regretter doublement la parution d\u2019un chef-d\u2019\u0153uvre : \u00ab L\u2019extraordinaire Odyss\u00e9e de Corentin \u00bb, textes et dessins de Paul Cuvelier. Je regrette la parution de cet album d\u2019abord parce que son auteur vient de mourir et qu\u2019il fut l\u2019un des meilleurs peintres de sa g\u00e9n\u00e9ration, mais \u00e7a les critiques n\u2019en savent rien, et que l\u2019on a attendu sa mort pour r\u00e9\u00e9diter cet album que tous les amateurs de bandes dessin\u00e9es r\u00e9clamaient depuis de nombreuses ann\u00e9es \u00bb. L\u2019auteur de l\u2019article se plaint qu\u2019on r\u00e9\u00e9dite cet album parce que la version en couleur qu\u2019on en donne trahit la pens\u00e9e de son auteur tout en servant la politique de l\u2019\u00e9diteur. (\u2026) C\u2019est Paul qui m\u2019a dit qu\u2019on ne voulait pas r\u00e9\u00e9diter ses \u0153uvres. Le pourcentage qu\u2019il en aurait tir\u00e9 l\u2019aurait aid\u00e9 \u00e0 vivre, j\u2019ai mal au c\u0153ur quand j\u2019y pense. Paul n\u2019a jamais r\u00e9clam\u00e9, et j\u2019ai toujours dit et pens\u00e9 que Paul ne serait c\u00e9l\u00e8bre qu\u2019apr\u00e8s sa mort. L\u2019auteur de l\u2019article continue : \u00ab Je crie (je sais que tout le monde s\u2019en moque mais ce n\u2019est pas \u00e7a qui m\u2019emp\u00eachera de crier \u00e0 \u00e0 la double trahison qui voudrait se d\u00e9guiser sous les traits du courage (rendre hommage \u00e0 la m\u00e9moire d\u2019un \u00e9crivain, etc.). \u00ab Corentin \u00bb est un chef-d\u2019\u0153uvre, mais j\u2019attendrai pour en parler qu\u2019on me donne l\u2019occasion de traiter ce sujet dans la dignit\u00e9. Je me refuse de crier avec les loups qui se conduisent comme des rats. Cuvelier est comme Laudy : un de ces maudits dont on reparlera plus tard \u00bb. Il para\u00eet qu\u2019on a vraiment ab\u00eem\u00e9 les dessins en y plaquant des couleurs, mais non en les colorant d\u00e9licatement comme le faisait Paul. (\u2026)<\/p>\n<p style=\"text-align: justify;\">J\u2019aurais d\u00fb suivre mon id\u00e9e voil\u00e0 des ann\u00e9es : vous alerter, ch\u00e8re Miss Bannett, et peut-\u00eatre par vous d\u00e9nicher un m\u00e9c\u00e8ne pour patronner Paul. Trop tard. Peut-\u00eatre n\u2019aurait-il pas accept\u00e9. J\u2019ai id\u00e9e que l\u2019op\u00e9ration tent\u00e9e a h\u00e2t\u00e9 sa fin en augmentant ses souffrances. Il a dit un jour \u00e0 sa m\u00e8re : \u00ab J\u2019ai v\u00e9cu ma passion sur la terre ! \u00bb Puisse-t-il jouir l\u00e0-haut du repos \u00e9ternel o\u00f9 nous le retrouverons un jour. (\u2026)<\/p>\n<p style=\"text-align: justify;\">C\u2019est \u00ab Au revoir \u00bb que je vous dis, ch\u00e8re Fran\u00e7oise, en vous embrassant de tout c\u0153ur, et je signe<\/p>\n<p style=\"text-align: justify;\">Tante Alice<\/p>\n<\/div>\n<\/div>\n<\/div>\n<div id=\"pgc-9289-4-2\" class=\"panel-grid-cell panel-grid-cell-empty\" data-weight=\"0.06\"><\/div>\n<\/div>\n<div id=\"pg-9289-5\" class=\"panel-grid panel-no-style\" data-style=\"{&quot;background_display&quot;:&quot;tile&quot;}\">\n<div id=\"pgc-9289-5-0\" class=\"panel-grid-cell panel-grid-cell-empty\" data-weight=\"0.47\"><\/div>\n<div id=\"pgc-9289-5-1\" class=\"panel-grid-cell panel-grid-cell-mobile-last\" data-weight=\"0.47\">\n<div id=\"panel-9289-5-1-0\" class=\"so-panel widget widget_black-studio-tinymce widget_black_studio_tinymce panel-first-child panel-last-child\" data-index=\"15\" data-style=\"{&quot;background_display&quot;:&quot;tile&quot;}\">\n<div class=\"textwidget\">\n<p style=\"text-align: right;\"><strong>document communiqu\u00e9 par Philippe Goddin<\/strong> <a href=\"#_ftn1\" name=\"_ftnref1\">[1]<\/a><\/p>\n<p style=\"text-align: justify;\"><a href=\"#_ftnref1\" name=\"_ftn1\">[1]<\/a> Philippe Goddin a connu Herg\u00e9 et Paul Cuvelier, durant les derni\u00e8res ann\u00e9es de leurs vies respectives et leur a consacr\u00e9 de nombreux ouvrages. Ainsi, en 1981, il retrace la vie de Paul Cuvelier dans \u00ab L&#8217;aventure artistique \u00bb, avant de se pencher sur son h\u00e9ros f\u00e9tiche dans \u00ab Corentin et les chemins du merveilleux \u00bb. Secr\u00e9taire g\u00e9n\u00e9ral de la Fondation Herg\u00e9 de 1989 \u00e0 1999, il est consid\u00e9r\u00e9 aujourd&#8217;hui comme l&#8217;un des plus grands sp\u00e9cialistes du cr\u00e9ateur de Tintin.<\/p>\n<\/div>\n<\/div>\n<\/div>\n<div id=\"pgc-9289-5-2\" class=\"panel-grid-cell panel-grid-cell-empty\" data-weight=\"0.06\"><\/div>\n<\/div>\n<div id=\"pg-9289-6\" class=\"panel-grid panel-no-style\" data-style=\"{&quot;background_display&quot;:&quot;tile&quot;}\">\n<div id=\"pgc-9289-6-0\" class=\"panel-grid-cell\" data-weight=\"0.14\">\n<div id=\"panel-9289-6-0-0\" class=\"so-panel widget widget_black-studio-tinymce widget_black_studio_tinymce panel-first-child\" data-index=\"16\" data-style=\"{&quot;background_display&quot;:&quot;tile&quot;}\">\n<div class=\"textwidget\"><a title=\"\" href=\"#header\"><strong><span style=\"font-size: 14pt;\">\u2191<\/span><\/strong> Remonter<\/a><\/div>\n<\/div>\n<div id=\"panel-9289-6-0-1\" class=\"so-panel widget widget_black-studio-tinymce widget_black_studio_tinymce panel-last-child\" data-index=\"17\" data-style=\"{&quot;background_display&quot;:&quot;tile&quot;}\">\n<div class=\"textwidget\">\n<\/div>\n<\/div>\n<\/div>\n<\/div>\n<\/div>\n","protected":false},"excerpt":{"rendered":"<p>Lettre d\u2019Alice Labrique, la marraine de Paul, \u00e0 Fran\u00e7oise (Frances) Bannett, une amie am\u00e9ricaine de Paul, envoy\u00e9e deux mois et demi apr\u00e8s le d\u00e9c\u00e8s de l\u2019artiste. TANTE ALICE Home Saint-Joseph Temploux Lundi, 25 septembre 1978 Bien ch\u00e8re Fran\u00e7oise, La semaine commence, et mon premier \u00e9crit vous est destin\u00e9 en esp\u00e9rant pouvoir le mener \u00e0 bonne &hellip;<\/p>\n<p class=\"read-more\"> <a class=\"\" href=\"https:\/\/paulcuvelier.be\/?p=9289\"> <span class=\"screen-reader-text\">LE 15 AOUT 2018<\/span> Read More &raquo;<\/a><\/p>\n","protected":false},"author":1,"featured_media":15103,"comment_status":"closed","ping_status":"open","sticky":false,"template":"","format":"video","meta":{"site-sidebar-layout":"default","site-content-layout":"default","ast-global-header-display":"","ast-banner-title-visibility":"","ast-main-header-display":"","ast-hfb-above-header-display":"","ast-hfb-below-header-display":"","ast-hfb-mobile-header-display":"","site-post-title":"","ast-breadcrumbs-content":"","ast-featured-img":"disabled","footer-sml-layout":"","theme-transparent-header-meta":"","adv-header-id-meta":"","stick-header-meta":"","header-above-stick-meta":"","header-main-stick-meta":"","header-below-stick-meta":"","footnotes":""},"categories":[9],"tags":[],"class_list":["post-9289","post","type-post","status-publish","format-video","has-post-thumbnail","hentry","category-journal-de-aout-2018","post_format-post-format-video"],"_links":{"self":[{"href":"https:\/\/paulcuvelier.be\/index.php?rest_route=\/wp\/v2\/posts\/9289","targetHints":{"allow":["GET"]}}],"collection":[{"href":"https:\/\/paulcuvelier.be\/index.php?rest_route=\/wp\/v2\/posts"}],"about":[{"href":"https:\/\/paulcuvelier.be\/index.php?rest_route=\/wp\/v2\/types\/post"}],"author":[{"embeddable":true,"href":"https:\/\/paulcuvelier.be\/index.php?rest_route=\/wp\/v2\/users\/1"}],"replies":[{"embeddable":true,"href":"https:\/\/paulcuvelier.be\/index.php?rest_route=%2Fwp%2Fv2%2Fcomments&post=9289"}],"version-history":[{"count":4,"href":"https:\/\/paulcuvelier.be\/index.php?rest_route=\/wp\/v2\/posts\/9289\/revisions"}],"predecessor-version":[{"id":15251,"href":"https:\/\/paulcuvelier.be\/index.php?rest_route=\/wp\/v2\/posts\/9289\/revisions\/15251"}],"wp:featuredmedia":[{"embeddable":true,"href":"https:\/\/paulcuvelier.be\/index.php?rest_route=\/wp\/v2\/media\/15103"}],"wp:attachment":[{"href":"https:\/\/paulcuvelier.be\/index.php?rest_route=%2Fwp%2Fv2%2Fmedia&parent=9289"}],"wp:term":[{"taxonomy":"category","embeddable":true,"href":"https:\/\/paulcuvelier.be\/index.php?rest_route=%2Fwp%2Fv2%2Fcategories&post=9289"},{"taxonomy":"post_tag","embeddable":true,"href":"https:\/\/paulcuvelier.be\/index.php?rest_route=%2Fwp%2Fv2%2Ftags&post=9289"}],"curies":[{"name":"wp","href":"https:\/\/api.w.org\/{rel}","templated":true}]}}