{"id":9053,"date":"2018-05-31T13:36:16","date_gmt":"2018-05-31T13:36:16","guid":{"rendered":"http:\/\/www.paulcuvelier.org\/?p=9053"},"modified":"2023-03-29T13:44:48","modified_gmt":"2023-03-29T11:44:48","slug":"le-31-mai-2018","status":"publish","type":"post","link":"https:\/\/paulcuvelier.be\/?p=9053","title":{"rendered":"LE 31 MAI 2018"},"content":{"rendered":"<div id=\"pl-9053\" class=\"panel-layout\">\n<div id=\"pg-9053-0\" class=\"panel-grid panel-no-style\" data-style=\"{&quot;background_display&quot;:&quot;tile&quot;}\">\n<div id=\"pgc-9053-0-0\" class=\"panel-grid-cell\" data-weight=\"0.47\">\n<div id=\"panel-9053-0-0-0\" class=\"so-panel widget widget_black-studio-tinymce widget_black_studio_tinymce panel-first-child\" data-index=\"0\" data-style=\"{&quot;background_display&quot;:&quot;tile&quot;}\">\n<div class=\"textwidget\">&nbsp;<\/p>\n<p>&nbsp;<\/p>\n<p>&nbsp;<\/p>\n<\/div>\n<\/div>\n<div id=\"panel-9053-0-0-1\" class=\"so-panel widget widget_black-studio-tinymce widget_black_studio_tinymce panel-last-child\" data-index=\"1\" data-style=\"{&quot;background_display&quot;:&quot;tile&quot;}\">\n<div class=\"textwidget\">\n<figure id=\"attachment_9210\" aria-describedby=\"caption-attachment-9210\" style=\"width: 3580px\" class=\"wp-caption aligncenter\"><a href=\"http:\/\/www.paulcuvelier.be\/wp-content\/uploads\/2018\/05\/FH1944-1.jpeg\"><img loading=\"lazy\" decoding=\"async\" class=\"wp-image-9210 size-full\" src=\"http:\/\/www.paulcuvelier.be\/wp-content\/uploads\/2018\/05\/FH1944-1.jpeg\" alt=\"\" width=\"3580\" height=\"2592\"><\/a><figcaption id=\"caption-attachment-9210\" class=\"wp-caption-text\"><span style=\"font-size: 10pt;\">La famille Hennebert : de gauche \u00e0 droite : Gr\u00e9goire, Alexis, Raymond (p\u00e8re), Paul, Julie, Marie (m\u00e8re) et Colette. Photo prise par le photographe Ren\u00e9 Huart dans le jardin \u00e0 Mons (Grand rue). La photo daterait de 1944.<\/span><\/figcaption><\/figure>\n<\/div>\n<\/div>\n<\/div>\n<div id=\"pgc-9053-0-1\" class=\"panel-grid-cell panel-grid-cell-mobile-last\" data-weight=\"0.47\">\n<div id=\"panel-9053-0-1-0\" class=\"so-panel widget widget_black-studio-tinymce widget_black_studio_tinymce panel-first-child\" data-index=\"2\" data-style=\"{&quot;background_display&quot;:&quot;tile&quot;}\">\n<div class=\"textwidget\"><a href=\"http:\/\/www.paulcuvelier.be\/wp-content\/uploads\/2018\/05\/datewa.jpg\"><img loading=\"lazy\" decoding=\"async\" class=\"aligncenter size-full wp-image-9147\" src=\"http:\/\/www.paulcuvelier.be\/wp-content\/uploads\/2018\/05\/datewa.jpg\" alt=\"\" width=\"129\" height=\"30\"><\/a><\/div>\n<\/div>\n<div id=\"panel-9053-0-1-1\" class=\"so-panel widget widget_black-studio-tinymce widget_black_studio_tinymce\" data-index=\"3\" data-style=\"{&quot;background_display&quot;:&quot;tile&quot;}\">\n<div class=\"textwidget\">\n<h1 style=\"text-align: center;\"><span style=\"font-size: 24pt;\"><strong><span style=\"color: #ff0000;\">AU CROISEMENT DES FAMILLES<\/span><\/strong><\/span><\/h1>\n<\/div>\n<\/div>\n<div id=\"panel-9053-0-1-2\" class=\"so-panel widget widget_black-studio-tinymce widget_black_studio_tinymce panel-last-child\" data-index=\"4\" data-style=\"{&quot;background_display&quot;:&quot;tile&quot;}\">\n<div class=\"textwidget\">\n<p style=\"text-align: justify;\">Le p\u00e8re de Gr\u00e9goire, Raymond Hennebert, cherchait un moyen de gu\u00e9rir ses patients de la tuberculose. Il a entendu parl\u00e9 d&#8217;un s\u00e9rum par quelqu&#8217;un qui l&#8217;a introduit au Dr Charles Cuvelier, le p\u00e8re de Paul Cuvelier, qui en connaissait l\u2019auteur <a href=\"#_ftn1\" name=\"_ftnref1\">[1]<\/a>. Ils se sont alors rencontr\u00e9s dans l&#8217;imm\u00e9diat apr\u00e8s-guerre. Gr\u00e9goire avait 15-16 ans. Les conversations entre les deux docteurs \u00e9taient, \u00e0 son souvenir, essentiellement professionnelles. Le Dr.Hennebert avait comme sp\u00e9cialit\u00e9s les nez-gorge-oreilles et la radiologie, mais avec la guerre il \u00e9tait aussi devenu g\u00e9n\u00e9raliste. De son c\u00f4t\u00e9, le Dr.Cuvelier \u00e9tait g\u00e9n\u00e9raliste avec comme sp\u00e9cialit\u00e9 la gyn\u00e9cologie. Leur entente \u00e9tait renforc\u00e9e du fait qu&#8217;ils \u00e9taient tous deux bons catholiques. Alors que Charles avait \u00e9t\u00e9 t\u00e9moin d\u2019une gu\u00e9rison \u00e0 Lourdes, \u00ab <em>Mon p\u00e8re a \u00e9t\u00e9 mand\u00e9 dans la commission m\u00e9dicale d&#8217;\u00e9valuation des visions des enfants de Beauraing dans les Ardennes. Il a \u00e9t\u00e9 t\u00e9moin des enfants en extase lors de vision, et en a test\u00e9 les r\u00e9flexes pendant et apr\u00e8s les visions et a conclu \u00e0 l&#8217;authenticit\u00e9 du ph\u00e9nom\u00e8ne<\/em> \u00bb.<\/p>\n<\/div>\n<\/div>\n<\/div>\n<div id=\"pgc-9053-0-2\" class=\"panel-grid-cell panel-grid-cell-empty\" data-weight=\"0.06\"><\/div>\n<\/div>\n<div id=\"pg-9053-1\" class=\"panel-grid panel-no-style\" data-style=\"{&quot;background_display&quot;:&quot;tile&quot;,&quot;cell_alignment&quot;:&quot;flex-start&quot;}\" data-ratio=\"1\" data-ratio-direction=\"right\">\n<div id=\"pgc-9053-1-0\" class=\"panel-grid-cell\" data-weight=\"0.11959251837007\">\n<div id=\"panel-9053-1-0-0\" class=\"so-panel widget widget_black-studio-tinymce widget_black_studio_tinymce panel-first-child panel-last-child\" data-index=\"5\" data-style=\"{&quot;background_display&quot;:&quot;tile&quot;}\">\n<div class=\"textwidget\">&nbsp;<\/p>\n<p>&nbsp;<\/p>\n<p>&nbsp;<\/p>\n<\/div>\n<\/div>\n<\/div>\n<div id=\"pgc-9053-1-1\" class=\"panel-grid-cell\" data-weight=\"0.23081496325985\">\n<div id=\"panel-9053-1-1-0\" class=\"so-panel widget widget_black-studio-tinymce widget_black_studio_tinymce panel-first-child\" data-index=\"6\" data-style=\"{&quot;background_display&quot;:&quot;tile&quot;}\">\n<div class=\"textwidget\">\n<p><a href=\"http:\/\/www.paulcuvelier.be\/wp-content\/uploads\/2015\/02\/t\u00eate-de-cheval.jpg\"><img loading=\"lazy\" decoding=\"async\" class=\"aligncenter wp-image-294\" src=\"http:\/\/www.paulcuvelier.be\/wp-content\/uploads\/2015\/02\/t\u00eate-de-cheval.jpg\" alt=\"cheval...\" width=\"400\" height=\"425\"><\/a><\/p>\n<\/div>\n<\/div>\n<div id=\"panel-9053-1-1-1\" class=\"so-panel widget widget_black-studio-tinymce widget_black_studio_tinymce panel-last-child\" data-index=\"7\" data-style=\"{&quot;background_display&quot;:&quot;tile&quot;}\">\n<div class=\"textwidget\">\n<p><a href=\"http:\/\/www.paulcuvelier.be\/wp-content\/uploads\/2015\/02\/t\u00eate-de-cheval-2.jpg\"><img loading=\"lazy\" decoding=\"async\" class=\"aligncenter wp-image-293\" src=\"http:\/\/www.paulcuvelier.be\/wp-content\/uploads\/2015\/02\/t\u00eate-de-cheval-2.jpg\" alt=\"\" width=\"400\" height=\"389\"><\/a><\/p>\n<\/div>\n<\/div>\n<\/div>\n<div id=\"pgc-9053-1-2\" class=\"panel-grid-cell panel-grid-cell-empty\" data-weight=\"0.11959251837007\"><\/div>\n<div id=\"pgc-9053-1-3\" class=\"panel-grid-cell panel-grid-cell-mobile-last\" data-weight=\"0.47\">\n<div id=\"panel-9053-1-3-0\" class=\"so-panel widget widget_black-studio-tinymce widget_black_studio_tinymce panel-first-child panel-last-child\" data-index=\"8\" data-style=\"{&quot;background_display&quot;:&quot;tile&quot;}\">\n<div class=\"textwidget\">\n<p style=\"text-align: center;\"><strong>\u00ab Son talent, c&#8217;\u00e9tait les chevaux! \u00bb<\/strong><\/p>\n<p style=\"text-align: justify;\">Les Cuvelier invitaient les Hennebert le samedi apr\u00e8s l&#8217;\u00e9cole, Lens \u00e9tant sur leur chemin vers la maison des Wallez, \u00e0 Hacquegnies. La femme de Charles Cuvelier, Louise, \u00e9tait tr\u00e8s positive, tr\u00e8s chaleureuse. Elle les accueillait pour le go\u00fbter avec des \u00ab <em>tartes merveilleuses<\/em> \u00bb. Les enfants s&#8217;occupent ensemble par affinit\u00e9s d&#8217;\u00e2ges. Gr\u00e9goire s&#8217;oriente plut\u00f4t vers Am\u00e9d\u00e9e, Michel et Paul. Il se souvient tr\u00e8s bien des dessins du jeune artiste, surtout des dessins de chevaux. Les dessins \u00e9taient partout dans la maison. Sa m\u00e8re \u00e9tait tr\u00e8s fi\u00e8re de son fils, elle l&#8217;a pouss\u00e9 \u00e0 pers\u00e9v\u00e9rer. Corentin ressemblait alors \u00e0 Am\u00e9d\u00e9e avec ses cheveux blonds en broussaille. Paul avait le m\u00eame \u00e2ge que sa s\u0153ur Colette et il s&#8217;entendait bien avec elle. Au mariage de Colette avec Julien Roy, Paul lui a offert une toile repr\u00e9sentant la campagne avec une ferme et des vaches. Le grand fr\u00e8re de Gr\u00e9goire, qui s&#8217;appelait aussi Paul avait l&#8217;\u00e2ge de l&#8217;a\u00een\u00e9 des Cuvelier, Rapha\u00ebl, et \u00e9tudiait comme lui la m\u00e9decine \u00e0 Louvain. Anne-Marie ne participait pas aux jeux, elle aidait sa maman.<\/p>\n<\/div>\n<\/div>\n<\/div>\n<div id=\"pgc-9053-1-4\" class=\"panel-grid-cell panel-grid-cell-empty\" data-style=\"{&quot;background_display&quot;:&quot;tile&quot;,&quot;vertical_alignment&quot;:&quot;auto&quot;}\" data-weight=\"0.06\"><\/div>\n<\/div>\n<div id=\"pg-9053-2\" class=\"panel-grid panel-no-style\" data-style=\"{&quot;background_display&quot;:&quot;tile&quot;}\">\n<div id=\"pgc-9053-2-0\" class=\"panel-grid-cell panel-grid-cell-empty\" data-weight=\"0.065641646489104\"><\/div>\n<div id=\"pgc-9053-2-1\" class=\"panel-grid-cell panel-grid-cell-mobile-last\" data-weight=\"0.8743583535109\">\n<div id=\"panel-9053-2-1-0\" class=\"so-panel widget widget_black-studio-tinymce widget_black_studio_tinymce panel-first-child panel-last-child\" data-index=\"9\" data-style=\"{&quot;background_display&quot;:&quot;tile&quot;}\">\n<div class=\"textwidget\">\n<p><a href=\"http:\/\/www.paulcuvelier.be\/wp-content\/uploads\/2018\/05\/chewa.jpg\"><img loading=\"lazy\" decoding=\"async\" class=\"aligncenter size-large wp-image-9114\" src=\"http:\/\/www.paulcuvelier.be\/wp-content\/uploads\/2018\/05\/chewa-2048x1081.jpg\" alt=\"\" width=\"1000\" height=\"528\"><\/a><\/p>\n<\/div>\n<\/div>\n<\/div>\n<div id=\"pgc-9053-2-2\" class=\"panel-grid-cell panel-grid-cell-empty\" data-weight=\"0.06\"><\/div>\n<\/div>\n<div id=\"pg-9053-3\" class=\"panel-grid panel-no-style\" data-style=\"{&quot;background_display&quot;:&quot;tile&quot;}\">\n<div id=\"pgc-9053-3-0\" class=\"panel-grid-cell\" data-weight=\"0.47\">\n<div id=\"panel-9053-3-0-0\" class=\"so-panel widget widget_black-studio-tinymce widget_black_studio_tinymce panel-first-child panel-last-child\" data-index=\"10\" data-style=\"{&quot;background_display&quot;:&quot;tile&quot;}\">\n<div class=\"textwidget\">\n<figure id=\"attachment_9098\" aria-describedby=\"caption-attachment-9098\" style=\"width: 1000px\" class=\"wp-caption aligncenter\"><a href=\"http:\/\/www.paulcuvelier.be\/wp-content\/uploads\/2018\/05\/FWsem.jpeg\"><img loading=\"lazy\" decoding=\"async\" class=\"wp-image-9098 size-large\" src=\"http:\/\/www.paulcuvelier.be\/wp-content\/uploads\/2018\/05\/FWsem-2048x1536.jpeg\" alt=\"\" width=\"1000\" height=\"750\"><\/a><figcaption id=\"caption-attachment-9098\" class=\"wp-caption-text\"><span style=\"font-size: 10pt;\">La famille Wallez : de gauche \u00e0 droite : Louis, Marie, Norbert, Julie (petite en bas), Laurence (m\u00e8re) et Alexis (p\u00e8re). La photo daterait de 1910<\/span><\/figcaption><\/figure>\n<\/div>\n<\/div>\n<\/div>\n<div id=\"pgc-9053-3-1\" class=\"panel-grid-cell panel-grid-cell-mobile-last\" data-weight=\"0.47\">\n<div id=\"panel-9053-3-1-0\" class=\"so-panel widget widget_black-studio-tinymce widget_black_studio_tinymce panel-first-child\" data-index=\"11\" data-style=\"{&quot;background_display&quot;:&quot;tile&quot;}\">\n<div class=\"textwidget\">\n<p style=\"text-align: justify;\">La femme du docteur Hennebert, Marie Wallez, tr\u00e8s dou\u00e9e en peinture, \u00e9tait la jeune s\u0153ur de Norbert Wallez, qui fut un temps \u00e0 la t\u00eate du journal \u00ab Le XXi\u00e8me Si\u00e8cle \u00bb. Le p\u00e8re de famille, Alexis Wallez avait \u00e9t\u00e9 un fermier industrieux, qui cr\u00e9a une usine \u00e0 chicor\u00e9e et une laiterie et fut bourgmestre de Hacquegnies. Il a eu Norbert comme seul fils et trois filles : Louise, Julie, et Marie, la m\u00e8re de Gr\u00e9goire. L&#8217;abb\u00e9 Wallez \u00e9tait politique de nature, comme son p\u00e8re. Ce dernier avait pav\u00e9 les chemins et remodel\u00e9 le plan de sa commune. Norbert avait \u00e9t\u00e9 professeur au Coll\u00e8ge de Bonne Esp\u00e9rance, dit \u00ab le Petit S\u00e9minaire \u00bb pr\u00e8s de Tournai, o\u00f9 Raymond Hennebert a fait ses humanit\u00e9s. Ensuite l&#8217;Abb\u00e9 Wallez fut nomm\u00e9 \u00e0 la t\u00eate du XXi\u00e8me Si\u00e8cle. Dans les ann\u00e9es 20, il engagea Georges Remi comme aide secr\u00e9taire : \u00ab il collait les timbres sur les bandes d&#8217;envoi des journaux pour la poste\u00bb et passait ses moments libres \u00e0 dessiner le personnel. Pour mettre \u00e0 contribution son talent de dessinateur, l&#8217;Abb\u00e9 Wallez cr\u00e9a &#8220;le Petit Vingti\u00e8me&#8221; dont il confia la direction \u00e0 R.G.<\/p>\n<\/div>\n<\/div>\n<div id=\"panel-9053-3-1-1\" class=\"so-panel widget widget_black-studio-tinymce widget_black_studio_tinymce panel-last-child\" data-index=\"12\" data-style=\"{&quot;background_display&quot;:&quot;tile&quot;}\">\n<div class=\"textwidget\">\n<p style=\"text-align: justify;\">En 1934, la hi\u00e9rarchie eccl\u00e9siastique, sous la pression d&#8217;antagonismes, le nomma \u00e0 l&#8217;abbaye d&#8217;Aulne, aum\u00f4nier de l&#8217;hospice pour vieux, ainsi que cur\u00e9 de la paroisse. C\u2019\u00e9tait un bonheur pour la famille Hennebert de retrouver chaque ann\u00e9e l&#8217;Abb\u00e9 Wallez \u00e0 l&#8217;Abbaye d&#8217;Aulne et parfois d&#8217;y rencontrer Herg\u00e9. C&#8217;est ainsi que vint le projet de faire rencontrer Paul Cuvelier et Herg\u00e9 par l&#8217;entremise de Paul Hennebert <a href=\"#_ftn2\" name=\"_ftnref2\">[2]<\/a>, ce qui fut accept\u00e9 avec plaisir.<\/p>\n<\/div>\n<\/div>\n<\/div>\n<div id=\"pgc-9053-3-2\" class=\"panel-grid-cell panel-grid-cell-empty\" data-weight=\"0.06\"><\/div>\n<\/div>\n<div id=\"pg-9053-4\" class=\"panel-grid panel-no-style\" data-style=\"{&quot;background_display&quot;:&quot;tile&quot;}\">\n<div id=\"pgc-9053-4-0\" class=\"panel-grid-cell\" data-weight=\"0.47\">\n<div id=\"panel-9053-4-0-0\" class=\"so-panel widget widget_black-studio-tinymce widget_black_studio_tinymce panel-first-child panel-last-child\" data-index=\"13\" data-style=\"{&quot;background_display&quot;:&quot;tile&quot;}\">\n<div class=\"textwidget\">\n<figure id=\"attachment_9241\" aria-describedby=\"caption-attachment-9241\" style=\"width: 1298px\" class=\"wp-caption aligncenter\"><a href=\"http:\/\/www.paulcuvelier.be\/wp-content\/uploads\/2018\/05\/ca1.jpg\"><img loading=\"lazy\" decoding=\"async\" class=\"wp-image-9241 size-full\" src=\"http:\/\/www.paulcuvelier.be\/wp-content\/uploads\/2018\/05\/ca1.jpg\" alt=\"\" width=\"1298\" height=\"811\"><\/a><figcaption id=\"caption-attachment-9241\" class=\"wp-caption-text\"><span style=\"font-size: 10pt;\">Le fr\u00e8re de Gr\u00e9goire Hennebert, Paul, a \u00e9crit \u00e0 Herg\u00e9 pour faciliter les premi\u00e8res rencontres avec Paul Cuvelier.<\/span><\/figcaption><\/figure>\n<\/div>\n<\/div>\n<\/div>\n<div id=\"pgc-9053-4-1\" class=\"panel-grid-cell panel-grid-cell-mobile-last\" data-weight=\"0.47\">\n<div id=\"panel-9053-4-1-0\" class=\"so-panel widget widget_black-studio-tinymce widget_black_studio_tinymce panel-first-child panel-last-child\" data-index=\"14\" data-style=\"{&quot;background_image_attachment&quot;:false,&quot;background_display&quot;:&quot;tile&quot;}\">\n<div class=\"textwidget\">\n<a href=\"http:\/\/www.paulcuvelier.be\/wp-content\/uploads\/2018\/05\/ca2.jpg\"><img loading=\"lazy\" decoding=\"async\" class=\"aligncenter size-full wp-image-9242\" src=\"http:\/\/www.paulcuvelier.be\/wp-content\/uploads\/2018\/05\/ca2.jpg\" alt=\"\" width=\"1272\" height=\"819\"><\/a><\/div>\n<\/div>\n<\/div>\n<div id=\"pgc-9053-4-2\" class=\"panel-grid-cell panel-grid-cell-empty\" data-weight=\"0.06\"><\/div>\n<\/div>\n<div id=\"pg-9053-5\" class=\"panel-grid panel-no-style\" data-style=\"{&quot;background_display&quot;:&quot;tile&quot;}\">\n<div id=\"pgc-9053-5-0\" class=\"panel-grid-cell\" data-weight=\"0.47\">\n<div id=\"panel-9053-5-0-0\" class=\"so-panel widget widget_black-studio-tinymce widget_black_studio_tinymce panel-first-child panel-last-child\" data-index=\"15\" data-style=\"{&quot;background_display&quot;:&quot;tile&quot;}\">\n<div class=\"textwidget\">\n<p><a href=\"http:\/\/www.paulcuvelier.be\/wp-content\/uploads\/2015\/02\/cahiercry.jpg\"><img loading=\"lazy\" decoding=\"async\" class=\"aligncenter wp-image-277 size-medium\" src=\"http:\/\/www.paulcuvelier.be\/wp-content\/uploads\/2015\/02\/cahiercry-219x300.jpg\" alt=\"\" width=\"219\" height=\"300\"><\/a><\/p>\n<\/div>\n<\/div>\n<\/div>\n<div id=\"pgc-9053-5-1\" class=\"panel-grid-cell panel-grid-cell-mobile-last\" data-weight=\"0.47\">\n<div id=\"panel-9053-5-1-0\" class=\"so-panel widget widget_black-studio-tinymce widget_black_studio_tinymce panel-first-child panel-last-child\" data-index=\"16\" data-style=\"{&quot;background_image_attachment&quot;:false,&quot;background_display&quot;:&quot;tile&quot;}\">\n<div class=\"textwidget\">\n<p style=\"text-align: justify;\">Il est certain que Herg\u00e9, \u00e0 la vue des dessins de Paul Cuvelier fut \u00e9merveill\u00e9: \u00ab&nbsp;<em>vous \u00eates un v\u00e9ritable artiste, c&#8217;est \u00e0 vous de me donner des conseils!<\/em>\u00bb&nbsp;. Selon Gr\u00e9goire&nbsp;: \u00ab<em>&nbsp;c&#8217;est sans doute le d\u00e9tail du dessin, le lavis et les aquarelles de Paul qui l&#8217;ont boulevers\u00e9!&nbsp;<\/em>\u00bb. \u00c0 la vue de la signature \u00ab&nbsp;<em>Paul<\/em>&nbsp;\u00bb imprim\u00e9e sur le Cahier de Dessins publi\u00e9 par la Crypte Tonique&nbsp;: Gr\u00e9goire remarque \u00ab&nbsp;<em>il a une \u00e9criture pench\u00e9e&nbsp;: Paul ne croyait pas en lui et avait tendance \u00e0 l&#8217;insatisfaction<\/em>&nbsp;\u00bb.<\/p>\n<p style=\"text-align: justify;\">Herg\u00e9 l&#8217;avait encourag\u00e9 \u00e0 assembler ses dessins en une bande dessin\u00e9e. Mais le travail de bande dessin\u00e9e \u00e9tait sans doute per\u00e7u par Paul comme trop ardu, peu valorisant. Il n&#8217;en aimait pas les cadres, les contraintes. Son art \u00e9tait plus libre. C&#8217;\u00e9tait un artiste, attir\u00e9 par le nu, attir\u00e9 par le f\u00e9minin, par la jeunesse, la nudit\u00e9 du cheval, ce qui \u00e9tait naturel pour un jeune homme de vingt ans&nbsp;! Il \u00e9tait doux, une qualit\u00e9 que l&#8217;on trouve plus rarement chez les gar\u00e7ons. Gr\u00e9goire le per\u00e7oit comme \u00ab&nbsp;<em>un ado qui est rest\u00e9 quelque part ado&nbsp;<\/em>\u00bb. Il semble avoir souffert du peu de satisfaction qu&#8217;il trouvait \u00e0 son travail de bande dessin\u00e9e. La bande dessin\u00e9e devint pour lui une n\u00e9cessit\u00e9, un gagne pain. Aussi a-t-il tent\u00e9 Paris pour s&#8217;\u00e9panouir plus librement avec <em>Epoxy<\/em>. Son Corentin Feldo\u00e9 reste une r\u00e9elle \u0153uvre d&#8217;art pleine de merveilleux, elle nous a tous enchant\u00e9s<\/p>\n<p style=\"text-align: justify;\"><strong>Propos de Gr\u00e9goire Hennebert <a href=\"#_ftn3\" name=\"_ftnref3\">[3]<\/a> recueillis<br \/>\n<\/strong> <strong>le 19 octobre 2015 par Philippe Capart.<\/strong><\/p>\n<\/div>\n<\/div>\n<\/div>\n<div id=\"pgc-9053-5-2\" class=\"panel-grid-cell panel-grid-cell-empty\" data-weight=\"0.06\"><\/div>\n<\/div>\n<div id=\"pg-9053-6\" class=\"panel-grid panel-no-style\" data-style=\"{&quot;background_display&quot;:&quot;tile&quot;}\">\n<div id=\"pgc-9053-6-0\" class=\"panel-grid-cell panel-grid-cell-empty\" data-weight=\"0.022978208232444\"><\/div>\n<div id=\"pgc-9053-6-1\" class=\"panel-grid-cell panel-grid-cell-empty\" data-weight=\"0.44702179176756\"><\/div>\n<div id=\"pgc-9053-6-2\" class=\"panel-grid-cell panel-grid-cell-mobile-last\" data-weight=\"0.47\">\n<div id=\"panel-9053-6-2-0\" class=\"so-panel widget widget_black-studio-tinymce widget_black_studio_tinymce panel-first-child panel-last-child\" data-index=\"17\" data-style=\"{&quot;background_display&quot;:&quot;tile&quot;}\">\n<div class=\"textwidget\">\n<p style=\"text-align: justify;\"><a href=\"#_ftnref1\" name=\"_ftn1\">[1]<\/a> Il s\u2019agirait du S\u00e9rum \u00e0 base d\u2019ail du Dr.Cuguill\u00e8re que les s\u0153urs de Charles Cuvelier mettaient en ampoules.<\/p>\n<p style=\"text-align: justify;\"><a href=\"#_ftnref2\" name=\"_ftn2\">[2]<\/a> Paul Hennebert est Sorti du Coll\u00e8ge des J\u00e9suites de Mons en juillet 1941, il fait ses 2 ans de candidatures en m\u00e9decine aux Facult\u00e9 ND de la Paix (J\u00e9suites) \u00e0 Namur puis la suite des \u00e9tudes \u00e0 Louvain (total 7 ann\u00e9es), il est dipl\u00f4m\u00e9 en 1948 puis fait deux ans de sp\u00e9cialisation en Chirurgie (th\u00e8se d&#8217;agr\u00e9gation \u00e0 l&#8217;Enseignement Sup\u00e9rieur sur les greffes d&#8217;organes).<\/p>\n<p style=\"text-align: justify;\"><a href=\"#_ftnref3\" name=\"_ftn3\">[3]<\/a> Gr\u00e9goire est devenu, sous les conseils de ses proches, ing\u00e9nieur agronome: \u00ab <em>je voulais \u00e9tudier la botanique, la famille m&#8217;a dit que l&#8217;agronomie \u00e9tait plus rentable<\/em> \u00bb. Enfant, il avait amorc\u00e9 d&#8217;\u00e9normes collections de plantes et d&#8217;insectes, il les dessinait et les identifiait en s&#8217;aidait du Larousse. Apr\u00e8s ses \u00e9tudes, il s&#8217;est sp\u00e9cialis\u00e9 en mycologie : l&#8217;\u00e9tude des champignons.<\/p>\n<\/div>\n<\/div>\n<\/div>\n<div id=\"pgc-9053-6-3\" class=\"panel-grid-cell panel-grid-cell-empty\" data-weight=\"0.06\"><\/div>\n<\/div>\n<div id=\"pg-9053-7\" class=\"panel-grid panel-no-style\" data-style=\"{&quot;background_display&quot;:&quot;tile&quot;}\">\n<div id=\"pgc-9053-7-0\" class=\"panel-grid-cell\" data-weight=\"0.14\">\n<div id=\"panel-9053-7-0-0\" class=\"so-panel widget widget_black-studio-tinymce widget_black_studio_tinymce panel-first-child\" data-index=\"18\" data-style=\"{&quot;background_display&quot;:&quot;tile&quot;}\">\n<div class=\"textwidget\"><a title=\"\" href=\"#header\"><strong><span style=\"font-size: 14pt;\">\u2191<\/span><\/strong> Remonter<\/a><\/div>\n<\/div>\n<div id=\"panel-9053-7-0-1\" class=\"so-panel widget widget_black-studio-tinymce widget_black_studio_tinymce panel-last-child\" data-index=\"19\" data-style=\"{&quot;background_display&quot;:&quot;tile&quot;}\">\n<div class=\"textwidget\">\n<p>Rechercher<\/p>\n<\/div>\n<\/div>\n<\/div>\n<div id=\"pgc-9053-7-1\" class=\"panel-grid-cell\" data-weight=\"0.72\">\n<div id=\"panel-9053-7-1-0\" class=\"so-panel widget widget_black-studio-tinymce widget_black_studio_tinymce panel-first-child\" data-index=\"20\" data-style=\"{&quot;background_display&quot;:&quot;tile&quot;}\">\n<div class=\"textwidget\">\n<p><img loading=\"lazy\" decoding=\"async\" class=\"alignnone wp-image-3902 size-full\" src=\"http:\/\/www.paulcuvelier.be\/wp-content\/uploads\/2016\/08\/ligness.jpg\" alt=\"ligness\" width=\"1348\" height=\"26\"><\/p>\n<\/div>\n<\/div>\n<div id=\"panel-9053-7-1-1\" class=\"so-panel widget widget_search panel-last-child\" data-index=\"21\" data-style=\"{&quot;background_display&quot;:&quot;tile&quot;}\">[siteorigin_widget class=&#8221;WP_Widget_Search&#8221;]<input type=\"hidden\" value=\"{&quot;instance&quot;:{&quot;title&quot;:&quot;&quot;,&quot;so_sidebar_emulator_id&quot;:&quot;search-905310021&quot;,&quot;option_name&quot;:&quot;widget_search&quot;},&quot;args&quot;:{&quot;before_widget&quot;:&quot;\n\n\n<div id=\\&quot;panel-9053-7-1-1\\&quot; class=\\&quot;so-panel widget widget_search panel-last-child\\&quot; data-index=\\&quot;21\\&quot; data-style=\\&quot;{&amp;quot;background_display&amp;quot;:&amp;quot;tile&amp;quot;}\\&quot; >&quot;,&quot;after_widget&quot;:&quot;<\\\/div>&quot;,&quot;before_title&quot;:&quot;<\/p>\n<h3 class=\\&quot;widget-title\\&quot;>&quot;,&quot;after_title&quot;:&quot;<\\\/h3>&quot;,&quot;widget_id&quot;:&quot;widget-7-1-1&quot;}}&#8221;>[\/siteorigin_widget]<\/div>\n<\/div>\n<div id=\"pgc-9053-7-2\" class=\"panel-grid-cell\" data-weight=\"0.14\">\n<div id=\"panel-9053-7-2-0\" class=\"so-panel widget widget_black-studio-tinymce widget_black_studio_tinymce panel-first-child\" data-index=\"22\" data-style=\"{&quot;background_display&quot;:&quot;tile&quot;}\">\n<div class=\"textwidget\"><a title=\"\" href=\"#header\"><strong><span style=\"font-size: 14pt;\">\u2191<\/span><\/strong> Remonter<\/a><\/div>\n<\/div>\n<div id=\"panel-9053-7-2-1\" class=\"so-panel widget widget_black-studio-tinymce widget_black_studio_tinymce panel-last-child\" data-index=\"23\" data-style=\"{&quot;background_display&quot;:&quot;tile&quot;}\">\n<div class=\"textwidget\"><a href=\".\/\">Accueil<\/a><\/div>\n<\/div>\n<\/div>\n<\/div>\n<\/div>\n","protected":false},"excerpt":{"rendered":"<p>&nbsp; &nbsp; &nbsp; La famille Hennebert : de gauche \u00e0 droite : Gr\u00e9goire, Alexis, Raymond (p\u00e8re), Paul, Julie, Marie (m\u00e8re) et Colette. Photo prise par le photographe Ren\u00e9 Huart dans le jardin \u00e0 Mons (Grand rue). La photo daterait de 1944. AU CROISEMENT DES FAMILLES Le p\u00e8re de Gr\u00e9goire, Raymond Hennebert, cherchait un moyen de &hellip;<\/p>\n<p class=\"read-more\"> <a class=\"\" href=\"https:\/\/paulcuvelier.be\/?p=9053\"> <span class=\"screen-reader-text\">LE 31 MAI 2018<\/span> Read More &raquo;<\/a><\/p>\n","protected":false},"author":1,"featured_media":15119,"comment_status":"closed","ping_status":"open","sticky":false,"template":"","format":"video","meta":{"site-sidebar-layout":"default","site-content-layout":"default","ast-global-header-display":"","ast-banner-title-visibility":"","ast-main-header-display":"","ast-hfb-above-header-display":"","ast-hfb-below-header-display":"","ast-hfb-mobile-header-display":"","site-post-title":"","ast-breadcrumbs-content":"","ast-featured-img":"disabled","footer-sml-layout":"","theme-transparent-header-meta":"default","adv-header-id-meta":"","stick-header-meta":"","header-above-stick-meta":"","header-main-stick-meta":"","header-below-stick-meta":"","footnotes":""},"categories":[22],"tags":[],"class_list":["post-9053","post","type-post","status-publish","format-video","has-post-thumbnail","hentry","category-journal-de-mars-2015","post_format-post-format-video"],"_links":{"self":[{"href":"https:\/\/paulcuvelier.be\/index.php?rest_route=\/wp\/v2\/posts\/9053","targetHints":{"allow":["GET"]}}],"collection":[{"href":"https:\/\/paulcuvelier.be\/index.php?rest_route=\/wp\/v2\/posts"}],"about":[{"href":"https:\/\/paulcuvelier.be\/index.php?rest_route=\/wp\/v2\/types\/post"}],"author":[{"embeddable":true,"href":"https:\/\/paulcuvelier.be\/index.php?rest_route=\/wp\/v2\/users\/1"}],"replies":[{"embeddable":true,"href":"https:\/\/paulcuvelier.be\/index.php?rest_route=%2Fwp%2Fv2%2Fcomments&post=9053"}],"version-history":[{"count":6,"href":"https:\/\/paulcuvelier.be\/index.php?rest_route=\/wp\/v2\/posts\/9053\/revisions"}],"predecessor-version":[{"id":15249,"href":"https:\/\/paulcuvelier.be\/index.php?rest_route=\/wp\/v2\/posts\/9053\/revisions\/15249"}],"wp:featuredmedia":[{"embeddable":true,"href":"https:\/\/paulcuvelier.be\/index.php?rest_route=\/wp\/v2\/media\/15119"}],"wp:attachment":[{"href":"https:\/\/paulcuvelier.be\/index.php?rest_route=%2Fwp%2Fv2%2Fmedia&parent=9053"}],"wp:term":[{"taxonomy":"category","embeddable":true,"href":"https:\/\/paulcuvelier.be\/index.php?rest_route=%2Fwp%2Fv2%2Fcategories&post=9053"},{"taxonomy":"post_tag","embeddable":true,"href":"https:\/\/paulcuvelier.be\/index.php?rest_route=%2Fwp%2Fv2%2Ftags&post=9053"}],"curies":[{"name":"wp","href":"https:\/\/api.w.org\/{rel}","templated":true}]}}