{"id":6005,"date":"2017-04-05T12:31:19","date_gmt":"2017-04-05T12:31:19","guid":{"rendered":"http:\/\/www.paulcuvelier.org\/?p=6005"},"modified":"2023-03-27T19:53:45","modified_gmt":"2023-03-27T17:53:45","slug":"nicole-3-6-2","status":"publish","type":"post","link":"https:\/\/paulcuvelier.be\/?p=6005","title":{"rendered":"LE 5 AVRIL 2017"},"content":{"rendered":"<p><a href=\"http:\/\/www.paulcuvelier.be\/wp-content\/uploads\/2017\/04\/paulvalery.jpg\"><img loading=\"lazy\" decoding=\"async\" class=\"aligncenter wp-image-6018\" src=\"http:\/\/www.paulcuvelier.be\/wp-content\/uploads\/2017\/04\/paulvalery-699x1024.jpg\" alt=\"\" width=\"341\" height=\"500\"><\/a><\/p>\n<h1 style=\"text-align: center;\"><a href=\"http:\/\/www.paulcuvelier.be\/wp-content\/uploads\/2017\/04\/dateb.jpg\"><img loading=\"lazy\" decoding=\"async\" class=\"alignnone size-full wp-image-6009\" src=\"http:\/\/www.paulcuvelier.be\/wp-content\/uploads\/2017\/04\/dateb.jpg\" alt=\"\" width=\"143\" height=\"24\"><\/a><\/h1>\n<h1 style=\"text-align: center;\"><span style=\"font-size: 24pt;\"><strong><span style=\"color: #ff0000;\">Paul et Paul VALERY<\/span><\/strong><\/span><\/h1>\n<p style=\"text-align: justify;\">Adolescent, je partageais la chambre de Paul situ\u00e9e en fa\u00e7ade. Elle fait face \u00e0 l\u2019\u00e9cole communale du village occup\u00e9e pendant la guerre 40-45 d\u2019abord par les allemands puis par les am\u00e9ricains. C\u2019est de la fen\u00eatre de sa chambre que Paul a dessin\u00e9 les sc\u00e8nes dont il \u00e9tait t\u00e9moin : jeep, camions \u00ab six by six \u00bb sur le garde-boue duquel un soldat fait la sieste\u2026 C\u2019est aussi de cette m\u00eame fen\u00eatre qu\u2019il a peint cette belle aquarelle o\u00f9 sous un ciel d\u00e9lav\u00e9 on aper\u00e7oit le chemin qui conduit au hameau de Lens.<a href=\"#_ftn1\" name=\"_ftnref1\">[1]<\/a>.<\/p>\n<p style=\"text-align: justify;\">Un jour, Paul avait enti\u00e8rement couvert le mur principal de la chambre de ses dessins plac\u00e9s c\u00f4te \u00e0 c\u00f4te jusqu\u2019au plafond.<br \/>\nMon lit \u00e9tant contigu \u00e0 ce mur, je pouvais, couch\u00e9, contempler de pr\u00e8s ses dessins tandis que Paul \u00e0 sa table dessinait ou \u00e9crivait \u00e0 Miss Bannet, amie New-Yokaise avec qui il a entretenu pendant des ann\u00e9es une correspondance assidue.<\/p>\n<p style=\"text-align: center;\"><em>Si, de tes l\u00e8vres avanc\u00e9es,<\/em><br \/>\n<em>Tu pr\u00e9pares pour l\u2019apaiser,<\/em><br \/>\n<em>A l\u2019habitant de mes pens\u00e9es<\/em><br \/>\n<em>La nourriture d\u2019un baiser,<\/em><\/p>\n<p style=\"text-align: center;\"><em>Ne h\u00e2te pas cet acte tendre,<\/em><br \/>\n<em>Douceur d\u2019\u00eatre&nbsp;et de n\u2019\u00eatre pas,<\/em><br \/>\n<em>Car j\u2019ai v\u00e9cu de vous attendre,<\/em><br \/>\n<em>Et mon c\u0153ur n\u2019\u00e9tait que vos pas<\/em>.<br \/>\n(LES PAS)<\/p>\n<p style=\"text-align: center;\"><em>Je vais, je viens, je glisse, plonge<\/em><br \/>\n<em>Je disparais dans un c\u0153ur pur !<\/em><br \/>\n<em>Fut-il jamais de sein si dur<\/em><br \/>\n<em>Qu\u2019on n\u2019y puisse loger un songe ?<\/em><br \/>\n<em>Qui que tu sois ne suis-je point<\/em><br \/>\n<em>Cette complaisance qui poind<\/em><br \/>\n<em>Dans ton \u00e2me, lorsqu\u2019elle s\u2019aime ?<\/em><br \/>\n<em>Je suis au fond de sa faveur<\/em><br \/>\n<em>Cette inimitable saveur<\/em><br \/>\n<em>Que tu ne trouves qu\u2019\u00e0 toi-m\u00eame<\/em>.<br \/>\n(EBAUCHE D\u2019UN SERPENT)<\/p>\n<p style=\"text-align: center;\"><em>Les cris aigus des filles chatouill\u00e9es,<\/em><br \/>\n<em>Les yeux, les dents, les paupi\u00e8res mouill\u00e9es,<\/em><br \/>\n<em>Le sein charmant qui joue avec le feu, <\/em><br \/>\n<em>Le sang qui brille aux l\u00e8vres qui se rendent,<\/em><br \/>\n<em>Les derniers dons, les doigts qui les d\u00e9fendent,<\/em><br \/>\n<em>Tout va sous terre et rentrent dans le jeu<\/em> !<br \/>\n(LE CIMETIERE MARIN)<\/p>\n<p style=\"text-align: justify;\">C\u2019est au lit, dans l\u2019obscurit\u00e9, que Paul m\u2019a r\u00e9v\u00e9l\u00e9 la po\u00e9sie de Paul Val\u00e9ry. A mon \u00e9tonnement, il r\u00e9citait par c\u0153ur de nombreux po\u00e8mes de Val\u00e9ry. Quand les avait-il appris ? C\u2019\u00e9tait pour moi une r\u00e9v\u00e9lation. Je partageais son admiration m\u00eame si la signification de ces po\u00e8mes m\u2019\u00e9chappait souvent. Paul tentait de m\u2019\u00e9clairer. L\u2019harmonie, la musique, la subtilit\u00e9 des rimes, les \u00e9vocations po\u00e9tiques lyriques et m\u00eame leur cot\u00e9 herm\u00e9tique myst\u00e9rieux me s\u00e9duisaient. Il fallait \u00eatre initi\u00e9 pour l\u2019appr\u00e9cier et Paul m\u2019initiait. La m\u00e9moire, quand on est adolescent, est r\u00e9ceptive surtout quand elle est sollicit\u00e9e par un fr\u00e8re ain\u00e9 habit\u00e9 par l\u2019enthousiasme et qu\u2019on admire. Paul avait \u00e9norm\u00e9ment d\u2019ascendant sur moi. J\u2019ai voulu comme lui apprendre ces m\u00eames po\u00e8mes.<\/p>\n<p style=\"text-align: justify;\">Quand, jeune homme, je me suis rendu sur la tombe de Paul Val\u00e9ry \u00e0 S\u00e8te, \u00e0 cause de ce beau po\u00e8me qu\u2019est \u00ab&nbsp; le Cimeti\u00e8re Marin \u00bb je me disais que c\u2019\u00e9tait gr\u00e2ce \u00e0 Paul que j\u2019accomplis cette d\u00e9marche. Je me souviens parmi ces nombreux po\u00e8mes quelles strophes, quels vers, Paul&nbsp; se plaisait \u00e0 r\u00e9p\u00e9ter plusieurs fois pour en faire ressortir leur beaut\u00e9. Ce sont plusieurs centaines de vers que Paul connaissait. Ces po\u00e8mes ont pour nom : Palme, Le Cimeti\u00e8re Marin, L\u2019Ebauche d\u2019un Serpent , Cantique des Colonnes, Aurore,&nbsp; les Vaines Danseuses, l\u2019Abeille, Les Pas,&nbsp; et aussi certains extraits de La Jeune Parque. Paul dessinait bien, \u00e9crivait bien, r\u00e9citait bien. Je lui suis reconnaissant de tout ce qu\u2019il m\u2019a donn\u00e9.<\/p>\n<p style=\"text-align: justify;\">Voici, parmi tant d\u2019autres, quelques vers que j\u2019entends encore Paul r\u00e9citer.<\/p>\n<p><strong><span style=\"color: #000000;\">Am\u00e9d\u00e9e&nbsp;Cuvelier<\/span><\/strong><\/p>\n<p>Cet article est la propri\u00e9t\u00e9 de la Fondation Paul Cuvelier<\/p>\n<p style=\"text-align: center;\"><em>Patience, patience,<\/em><br \/>\n<em>Patience dans l\u2019azur !<\/em><br \/>\n<em>Chaque atome de silence<\/em><br \/>\n<em>Est la chance d\u2019un fruit m\u00fbr.<\/em><br \/>\n<em>Viendra l\u2019heureuse surprise :<\/em><br \/>\n<em>Une colombe, la brise,<\/em><br \/>\n<em>L\u2019\u00e9branlement le plus doux, <\/em><br \/>\n<em>Une femme qui s\u2019appuie,<\/em><br \/>\n<em>Feront tomber cette pluie<\/em><br \/>\n<em>O\u00f9 l&#8217;on se jette \u00e0 genoux !<br \/>\n(PALME)<\/em><\/p>\n<p style=\"text-align: center;\"><em>La confusion morose<\/em><br \/>\n<em>Qui me servait de sommeil,<\/em><br \/>\n<em>Se dissipe d\u00e8s la rose<\/em><br \/>\n<em>Apparence du soleil.<\/em><br \/>\n<em>Dans mon \u00e2me je m\u2019avance,<\/em><br \/>\n<em>Tout ail\u00e9 de confiance :<\/em><br \/>\n<em>C\u2019est la premi\u00e8re oraison !<\/em><br \/>\n<em>A peine sorti des sables, <\/em><br \/>\n<em>Je fais des pas admirables<\/em><br \/>\n<em>Dans les pas de ma raison<\/em>.<br \/>\n(AURORE)<\/p>\n<p style=\"text-align: center;\"><em>Celles qui sont des fleurs de l\u2019ombre sont venues,<\/em><br \/>\n<em>Troupe divine et douce errante sous les nues<\/em><br \/>\n<em>Qu\u2019effleure ou cr\u00e9e un clin de lune&#8230; <\/em><em>Les voici<\/em><br \/>\n<em>M\u00e9lodieuses fuir dans le bois \u00e9clairci<\/em>.<br \/>\n(LES VAINES DANSEUSES)<\/p>\n<p style=\"text-align: center;\"><em>Douces colonnes, aux<br \/>\n<\/em><em>Chapeaux garnis de jour <\/em><br \/>\n<em>Orn\u00e9s de vrais oiseaux <\/em><br \/>\n<em>Qui marchent sur le tour,<\/em><br \/>\n(CANTIQUE DES COLONNES)<\/p>\n<p><a href=\"#_ftnref1\" name=\"_ftn1\">[1]<\/a><\/p>\n<p><a href=\"http:\/\/www.paulcuvelier.be\/wp-content\/uploads\/2017\/04\/Lenspv1.jpg\"><img loading=\"lazy\" decoding=\"async\" class=\"aligncenter wp-image-6021 size-medium\" src=\"http:\/\/www.paulcuvelier.be\/wp-content\/uploads\/2017\/04\/Lenspv1-300x189.jpg\" alt=\"\" width=\"300\" height=\"189\"><\/a><\/p>\n<p><a href=\"http:\/\/www.paulcuvelier.be\/wp-content\/uploads\/2016\/11\/lenspbis-e1487528349803.jpg\"><img loading=\"lazy\" decoding=\"async\" class=\"wp-image-4501 size-medium aligncenter\" src=\"http:\/\/www.paulcuvelier.be\/wp-content\/uploads\/2016\/11\/lenspbis-300x212.jpg\" alt=\"\" width=\"300\" height=\"212\"><\/a><\/p>\n<p><a title=\"\" href=\"#header\"><strong><span style=\"font-size: 14pt;\">\u2191<\/span><\/strong> Remonter<\/a><\/p>\n","protected":false},"excerpt":{"rendered":"<p>Paul et Paul VALERY Adolescent, je partageais la chambre de Paul situ\u00e9e en fa\u00e7ade. Elle fait face \u00e0 l\u2019\u00e9cole communale du village occup\u00e9e pendant la guerre 40-45 d\u2019abord par les allemands puis par les am\u00e9ricains. C\u2019est de la fen\u00eatre de sa chambre que Paul a dessin\u00e9 les sc\u00e8nes dont il \u00e9tait t\u00e9moin : jeep, camions &hellip;<\/p>\n<p class=\"read-more\"> <a class=\"\" href=\"https:\/\/paulcuvelier.be\/?p=6005\"> <span class=\"screen-reader-text\">LE 5 AVRIL 2017<\/span> Read More &raquo;<\/a><\/p>\n","protected":false},"author":1,"featured_media":15085,"comment_status":"closed","ping_status":"open","sticky":false,"template":"","format":"video","meta":{"site-sidebar-layout":"default","site-content-layout":"default","ast-global-header-display":"","ast-banner-title-visibility":"","ast-main-header-display":"","ast-hfb-above-header-display":"","ast-hfb-below-header-display":"","ast-hfb-mobile-header-display":"","site-post-title":"","ast-breadcrumbs-content":"","ast-featured-img":"disabled","footer-sml-layout":"","theme-transparent-header-meta":"","adv-header-id-meta":"","stick-header-meta":"","header-above-stick-meta":"","header-main-stick-meta":"","header-below-stick-meta":"","footnotes":""},"categories":[5],"tags":[],"class_list":["post-6005","post","type-post","status-publish","format-video","has-post-thumbnail","hentry","category-journal-davril-2017","post_format-post-format-video"],"_links":{"self":[{"href":"https:\/\/paulcuvelier.be\/index.php?rest_route=\/wp\/v2\/posts\/6005","targetHints":{"allow":["GET"]}}],"collection":[{"href":"https:\/\/paulcuvelier.be\/index.php?rest_route=\/wp\/v2\/posts"}],"about":[{"href":"https:\/\/paulcuvelier.be\/index.php?rest_route=\/wp\/v2\/types\/post"}],"author":[{"embeddable":true,"href":"https:\/\/paulcuvelier.be\/index.php?rest_route=\/wp\/v2\/users\/1"}],"replies":[{"embeddable":true,"href":"https:\/\/paulcuvelier.be\/index.php?rest_route=%2Fwp%2Fv2%2Fcomments&post=6005"}],"version-history":[{"count":2,"href":"https:\/\/paulcuvelier.be\/index.php?rest_route=\/wp\/v2\/posts\/6005\/revisions"}],"predecessor-version":[{"id":15044,"href":"https:\/\/paulcuvelier.be\/index.php?rest_route=\/wp\/v2\/posts\/6005\/revisions\/15044"}],"wp:featuredmedia":[{"embeddable":true,"href":"https:\/\/paulcuvelier.be\/index.php?rest_route=\/wp\/v2\/media\/15085"}],"wp:attachment":[{"href":"https:\/\/paulcuvelier.be\/index.php?rest_route=%2Fwp%2Fv2%2Fmedia&parent=6005"}],"wp:term":[{"taxonomy":"category","embeddable":true,"href":"https:\/\/paulcuvelier.be\/index.php?rest_route=%2Fwp%2Fv2%2Fcategories&post=6005"},{"taxonomy":"post_tag","embeddable":true,"href":"https:\/\/paulcuvelier.be\/index.php?rest_route=%2Fwp%2Fv2%2Ftags&post=6005"}],"curies":[{"name":"wp","href":"https:\/\/api.w.org\/{rel}","templated":true}]}}